{"id":1772,"date":"2022-08-30T11:23:23","date_gmt":"2022-08-30T10:23:23","guid":{"rendered":"http:\/\/philippeparrinello.fr\/carnetdebord\/?p=1772"},"modified":"2023-03-10T15:07:35","modified_gmt":"2023-03-10T14:07:35","slug":"les-hommes-batons-debarquent-a-fontenay-sous-bois","status":"publish","type":"post","link":"https:\/\/philippeparrinello.fr\/carnetdebord\/?p=1772","title":{"rendered":"Les hommes b\u00e2tons d\u00e9barquent \u00e0 Fontenay sous Bois"},"content":{"rendered":"<p><img loading=\"lazy\" decoding=\"async\" src=\"https:\/\/philippeparrinello.fr\/carnetdebord\/wp-content\/uploads\/2022\/08\/20220929_083244-1024x617.jpg\" alt=\"\" width=\"640\" height=\"386\" class=\"aligncenter size-large wp-image-1816\" srcset=\"https:\/\/philippeparrinello.fr\/carnetdebord\/wp-content\/uploads\/2022\/08\/20220929_083244-1024x617.jpg 1024w, https:\/\/philippeparrinello.fr\/carnetdebord\/wp-content\/uploads\/2022\/08\/20220929_083244-300x181.jpg 300w, https:\/\/philippeparrinello.fr\/carnetdebord\/wp-content\/uploads\/2022\/08\/20220929_083244-768x462.jpg 768w, https:\/\/philippeparrinello.fr\/carnetdebord\/wp-content\/uploads\/2022\/08\/20220929_083244-1536x925.jpg 1536w, https:\/\/philippeparrinello.fr\/carnetdebord\/wp-content\/uploads\/2022\/08\/20220929_083244-2048x1233.jpg 2048w\" sizes=\"auto, (max-width: 640px) 100vw, 640px\" \/><\/p>\n<p>Vernissage le 1er Septembre 2022 18H \u00e0 la maison du Maison du citoyen<\/p>\n<p><img loading=\"lazy\" decoding=\"async\" src=\"https:\/\/philippeparrinello.fr\/carnetdebord\/wp-content\/uploads\/2022\/08\/20220829_110041-497x1024.jpg\" alt=\"\" width=\"497\" height=\"1024\" class=\"aligncenter size-large wp-image-1773\" srcset=\"https:\/\/philippeparrinello.fr\/carnetdebord\/wp-content\/uploads\/2022\/08\/20220829_110041-497x1024.jpg 497w, https:\/\/philippeparrinello.fr\/carnetdebord\/wp-content\/uploads\/2022\/08\/20220829_110041-146x300.jpg 146w, https:\/\/philippeparrinello.fr\/carnetdebord\/wp-content\/uploads\/2022\/08\/20220829_110041-768x1581.jpg 768w, https:\/\/philippeparrinello.fr\/carnetdebord\/wp-content\/uploads\/2022\/08\/20220829_110041-746x1536.jpg 746w, https:\/\/philippeparrinello.fr\/carnetdebord\/wp-content\/uploads\/2022\/08\/20220829_110041-995x2048.jpg 995w, https:\/\/philippeparrinello.fr\/carnetdebord\/wp-content\/uploads\/2022\/08\/20220829_110041.jpg 1009w\" sizes=\"auto, (max-width: 497px) 100vw, 497px\" \/><\/p>\n<p>Photo du Montage de l&rsquo;expo<\/p>\n<p><img loading=\"lazy\" decoding=\"async\" src=\"https:\/\/philippeparrinello.fr\/carnetdebord\/wp-content\/uploads\/2022\/08\/20220901_184413-1024x723.jpg\" alt=\"\" width=\"640\" height=\"452\" class=\"aligncenter size-large wp-image-1782\" srcset=\"https:\/\/philippeparrinello.fr\/carnetdebord\/wp-content\/uploads\/2022\/08\/20220901_184413-1024x723.jpg 1024w, https:\/\/philippeparrinello.fr\/carnetdebord\/wp-content\/uploads\/2022\/08\/20220901_184413-300x212.jpg 300w, https:\/\/philippeparrinello.fr\/carnetdebord\/wp-content\/uploads\/2022\/08\/20220901_184413-768x542.jpg 768w, https:\/\/philippeparrinello.fr\/carnetdebord\/wp-content\/uploads\/2022\/08\/20220901_184413-1536x1084.jpg 1536w, https:\/\/philippeparrinello.fr\/carnetdebord\/wp-content\/uploads\/2022\/08\/20220901_184413.jpg 1592w\" sizes=\"auto, (max-width: 640px) 100vw, 640px\" \/><\/p>\n<p>Photo vernissage<\/p>\n","protected":false},"excerpt":{"rendered":"<p>Vernissage le 1er Septembre 2022 18H \u00e0 la maison du Maison du citoyen Photo du Montage de l&rsquo;expo Photo vernissage<\/p>\n","protected":false},"author":1,"featured_media":0,"comment_status":"closed","ping_status":"closed","sticky":false,"template":"","format":"standard","meta":{"footnotes":""},"categories":[1],"tags":[],"class_list":["post-1772","post","type-post","status-publish","format-standard","hentry","category-sculptures"],"_links":{"self":[{"href":"https:\/\/philippeparrinello.fr\/carnetdebord\/index.php?rest_route=\/wp\/v2\/posts\/1772","targetHints":{"allow":["GET"]}}],"collection":[{"href":"https:\/\/philippeparrinello.fr\/carnetdebord\/index.php?rest_route=\/wp\/v2\/posts"}],"about":[{"href":"https:\/\/philippeparrinello.fr\/carnetdebord\/index.php?rest_route=\/wp\/v2\/types\/post"}],"author":[{"embeddable":true,"href":"https:\/\/philippeparrinello.fr\/carnetdebord\/index.php?rest_route=\/wp\/v2\/users\/1"}],"replies":[{"embeddable":true,"href":"https:\/\/philippeparrinello.fr\/carnetdebord\/index.php?rest_route=%2Fwp%2Fv2%2Fcomments&post=1772"}],"version-history":[{"count":12,"href":"https:\/\/philippeparrinello.fr\/carnetdebord\/index.php?rest_route=\/wp\/v2\/posts\/1772\/revisions"}],"predecessor-version":[{"id":1818,"href":"https:\/\/philippeparrinello.fr\/carnetdebord\/index.php?rest_route=\/wp\/v2\/posts\/1772\/revisions\/1818"}],"wp:attachment":[{"href":"https:\/\/philippeparrinello.fr\/carnetdebord\/index.php?rest_route=%2Fwp%2Fv2%2Fmedia&parent=1772"}],"wp:term":[{"taxonomy":"category","embeddable":true,"href":"https:\/\/philippeparrinello.fr\/carnetdebord\/index.php?rest_route=%2Fwp%2Fv2%2Fcategories&post=1772"},{"taxonomy":"post_tag","embeddable":true,"href":"https:\/\/philippeparrinello.fr\/carnetdebord\/index.php?rest_route=%2Fwp%2Fv2%2Ftags&post=1772"}],"curies":[{"name":"wp","href":"https:\/\/api.w.org\/{rel}","templated":true}]}}