{"id":1830,"date":"2025-01-12T12:12:52","date_gmt":"2025-01-12T11:12:52","guid":{"rendered":"https:\/\/philippeparrinello.fr\/carnetdebord\/?p=1830"},"modified":"2025-01-12T20:13:26","modified_gmt":"2025-01-12T19:13:26","slug":"latelier-du-sain-coin-a-st-etienne-du-bois-85","status":"publish","type":"post","link":"https:\/\/philippeparrinello.fr\/carnetdebord\/?p=1830","title":{"rendered":"L&rsquo;ATELIER du SAIN-COIN \u00e0 Saint Etienne du Bois (85)"},"content":{"rendered":"<p>Depuis maintenant plus de trois ans, ma compagne et moi aid\u00e9s par toutes les bonnes volont\u00e9s disponibles, nous mettons en \u0153uvre la r\u00e9novation d&rsquo;une vielle grange attenante \u00e0 notre Logis Vend\u00e9en pour cr\u00e9er un lieu d&rsquo;art disposant de deux ateliers, de deux salles d&rsquo;exposition d&rsquo;environs 130m\u00b2 et d&rsquo;une r\u00e9serve pour ranger le plus grand nombre d&rsquo;\u0153uvres possible.<br \/>\nPendant cette p\u00e9riode, je me suis concentr\u00e9 sur une production graphique et sur la cr\u00e9ation de pi\u00e8ces de petit format dans mon atelier temporaire de Pavillons sous bois en Seine-Saint-Denis.<br \/>\nCe projet de r\u00e9novation touche \u00e0 sa fin, m\u00eame s&rsquo;il reste encore quelques am\u00e9nagements \u00e0 r\u00e9aliser. Je pourrai bient\u00f4t mettre en fonctionnement ce lieu de cr\u00e9ation pour y d\u00e9velopper et y loger mon travail artistique, mais \u00e9galement, je l&rsquo;esp\u00e8re pour mettre en place un lieu autonome de production culturelle locale.<\/p>\n<div style=\"width: 584px;\" class=\"wp-video\"><video class=\"wp-video-shortcode\" id=\"video-1830-1\" width=\"584\" height=\"328\" preload=\"metadata\" controls=\"controls\"><source type=\"video\/mp4\" src=\"https:\/\/philippeparrinello.fr\/carnetdebord\/wp-content\/uploads\/2025\/01\/Latelier-du-SAIN-COIN.mp4?_=1\" \/><a href=\"https:\/\/philippeparrinello.fr\/carnetdebord\/wp-content\/uploads\/2025\/01\/Latelier-du-SAIN-COIN.mp4\">https:\/\/philippeparrinello.fr\/carnetdebord\/wp-content\/uploads\/2025\/01\/Latelier-du-SAIN-COIN.mp4<\/a><\/video><\/div>\n","protected":false},"excerpt":{"rendered":"<p>Depuis maintenant plus de trois ans, ma compagne et moi aid\u00e9s par toutes les bonnes volont\u00e9s disponibles, nous mettons en \u0153uvre la r\u00e9novation d&rsquo;une vielle grange attenante \u00e0 notre Logis Vend\u00e9en pour cr\u00e9er un lieu d&rsquo;art disposant de deux ateliers, &hellip; <a href=\"https:\/\/philippeparrinello.fr\/carnetdebord\/?p=1830\">Continuer la lecture <span class=\"meta-nav\">&rarr;<\/span><\/a><\/p>\n","protected":false},"author":1,"featured_media":0,"comment_status":"closed","ping_status":"closed","sticky":false,"template":"","format":"standard","meta":{"footnotes":""},"categories":[1],"tags":[],"class_list":["post-1830","post","type-post","status-publish","format-standard","hentry","category-sculptures"],"_links":{"self":[{"href":"https:\/\/philippeparrinello.fr\/carnetdebord\/index.php?rest_route=\/wp\/v2\/posts\/1830","targetHints":{"allow":["GET"]}}],"collection":[{"href":"https:\/\/philippeparrinello.fr\/carnetdebord\/index.php?rest_route=\/wp\/v2\/posts"}],"about":[{"href":"https:\/\/philippeparrinello.fr\/carnetdebord\/index.php?rest_route=\/wp\/v2\/types\/post"}],"author":[{"embeddable":true,"href":"https:\/\/philippeparrinello.fr\/carnetdebord\/index.php?rest_route=\/wp\/v2\/users\/1"}],"replies":[{"embeddable":true,"href":"https:\/\/philippeparrinello.fr\/carnetdebord\/index.php?rest_route=%2Fwp%2Fv2%2Fcomments&post=1830"}],"version-history":[{"count":4,"href":"https:\/\/philippeparrinello.fr\/carnetdebord\/index.php?rest_route=\/wp\/v2\/posts\/1830\/revisions"}],"predecessor-version":[{"id":1835,"href":"https:\/\/philippeparrinello.fr\/carnetdebord\/index.php?rest_route=\/wp\/v2\/posts\/1830\/revisions\/1835"}],"wp:attachment":[{"href":"https:\/\/philippeparrinello.fr\/carnetdebord\/index.php?rest_route=%2Fwp%2Fv2%2Fmedia&parent=1830"}],"wp:term":[{"taxonomy":"category","embeddable":true,"href":"https:\/\/philippeparrinello.fr\/carnetdebord\/index.php?rest_route=%2Fwp%2Fv2%2Fcategories&post=1830"},{"taxonomy":"post_tag","embeddable":true,"href":"https:\/\/philippeparrinello.fr\/carnetdebord\/index.php?rest_route=%2Fwp%2Fv2%2Ftags&post=1830"}],"curies":[{"name":"wp","href":"https:\/\/api.w.org\/{rel}","templated":true}]}}