{"id":190,"date":"2013-07-21T19:12:19","date_gmt":"2013-07-21T18:12:19","guid":{"rendered":"http:\/\/philippeparrinello.fr\/carnetdebord\/?p=190"},"modified":"2013-10-27T22:40:36","modified_gmt":"2013-10-27T21:40:36","slug":"blanc","status":"publish","type":"post","link":"https:\/\/philippeparrinello.fr\/carnetdebord\/?p=190","title":{"rendered":"BLANC"},"content":{"rendered":"<div id=\"attachment_192\" style=\"width: 161px\" class=\"wp-caption alignleft\"><a href=\"https:\/\/philippeparrinello.fr\/carnetdebord\/wp-content\/uploads\/2013\/07\/LElu1.jpg\"><img loading=\"lazy\" decoding=\"async\" aria-describedby=\"caption-attachment-192\" class=\"size-medium wp-image-192\" title=\"L'Elu\" alt=\"\" src=\"https:\/\/philippeparrinello.fr\/carnetdebord\/wp-content\/uploads\/2013\/07\/LElu1-151x300.jpg\" width=\"151\" height=\"300\" srcset=\"https:\/\/philippeparrinello.fr\/carnetdebord\/wp-content\/uploads\/2013\/07\/LElu1-151x300.jpg 151w, https:\/\/philippeparrinello.fr\/carnetdebord\/wp-content\/uploads\/2013\/07\/LElu1-516x1024.jpg 516w, https:\/\/philippeparrinello.fr\/carnetdebord\/wp-content\/uploads\/2013\/07\/LElu1.jpg 807w\" sizes=\"auto, (max-width: 151px) 100vw, 151px\" \/><\/a><p id=\"caption-attachment-192\" class=\"wp-caption-text\">L\u2019\u00c9lu retouch\u00e9 (80&#215;26 )<\/p><\/div>\n<p><span style=\"font-weight: bold;\">L\u2019Elu \u00ab\u00a0retouch\u00e9\u00a0\u00bb<\/span><\/p>\n<p>Bois de cerisier peint en noir et blanc<\/p>\n<div id=\"attachment_198\" style=\"width: 289px\" class=\"wp-caption alignright\"><a href=\"https:\/\/philippeparrinello.fr\/carnetdebord\/wp-content\/uploads\/2013\/07\/Vanit\u00e91.jpg\"><img loading=\"lazy\" decoding=\"async\" aria-describedby=\"caption-attachment-198\" class=\"size-medium wp-image-198 \" title=\"Vanit\u00e9\" alt=\"\" src=\"https:\/\/philippeparrinello.fr\/carnetdebord\/wp-content\/uploads\/2013\/07\/Vanit\u00e91-279x300.jpg\" width=\"279\" height=\"300\" srcset=\"https:\/\/philippeparrinello.fr\/carnetdebord\/wp-content\/uploads\/2013\/07\/Vanit\u00e91-279x300.jpg 279w, https:\/\/philippeparrinello.fr\/carnetdebord\/wp-content\/uploads\/2013\/07\/Vanit\u00e91-954x1024.jpg 954w, https:\/\/philippeparrinello.fr\/carnetdebord\/wp-content\/uploads\/2013\/07\/Vanit\u00e91.jpg 1074w\" sizes=\"auto, (max-width: 279px) 100vw, 279px\" \/><\/a><p id=\"caption-attachment-198\" class=\"wp-caption-text\">Vanit\u00e9 retouch\u00e9e (55&#215;55 cm)<\/p><\/div>\n<p><strong>Vanit\u00e9 \u00ab\u00a0retouch\u00e9e\u00a0\u00bb<\/strong><\/p>\n<p>Bois de platane peint en noir et blanc<\/p>\n<p><em>Ces deux pi\u00e8ces s&rsquo;ajoutent \u00e0 la s\u00e9rie ou \u00ab\u00a0famille\u00a0\u00bb des sculptures peintes en blanc et recouvertes d&rsquo;\u00e9l\u00e9ments graphiques symboliques.<\/em><\/p>\n<p><em>La pr\u00e9sence des petites fen\u00eatres ou \u00ab\u00a0vedutes\u00a0\u00bb cherche \u00e0 marquer l&rsquo;appartenance au Territoire des Corps de bois &#8230;<\/em><\/p>\n<p>&nbsp;<\/p>\n<div id=\"attachment_193\" style=\"width: 160px\" class=\"wp-caption alignleft\"><a href=\"https:\/\/philippeparrinello.fr\/carnetdebord\/wp-content\/uploads\/2013\/07\/LElu-d\u00e9tail.jpg\"><img loading=\"lazy\" decoding=\"async\" aria-describedby=\"caption-attachment-193\" class=\"size-thumbnail wp-image-193\" title=\"L'Elu (d\u00e9tail)\" alt=\"\" src=\"https:\/\/philippeparrinello.fr\/carnetdebord\/wp-content\/uploads\/2013\/07\/LElu-d\u00e9tail-150x150.jpg\" width=\"150\" height=\"150\" \/><\/a><p id=\"caption-attachment-193\" class=\"wp-caption-text\">L&rsquo;Elu (d\u00e9tail)<\/p><\/div>\n","protected":false},"excerpt":{"rendered":"<p>L\u2019Elu \u00ab\u00a0retouch\u00e9\u00a0\u00bb Bois de cerisier peint en noir et blanc Vanit\u00e9 \u00ab\u00a0retouch\u00e9e\u00a0\u00bb Bois de platane peint en noir et blanc Ces deux pi\u00e8ces s&rsquo;ajoutent \u00e0 la s\u00e9rie ou \u00ab\u00a0famille\u00a0\u00bb des sculptures peintes en blanc et recouvertes d&rsquo;\u00e9l\u00e9ments graphiques symboliques. La &hellip; <a href=\"https:\/\/philippeparrinello.fr\/carnetdebord\/?p=190\">Continuer la lecture <span class=\"meta-nav\">&rarr;<\/span><\/a><\/p>\n","protected":false},"author":1,"featured_media":0,"comment_status":"closed","ping_status":"closed","sticky":false,"template":"","format":"standard","meta":{"footnotes":""},"categories":[1],"tags":[],"class_list":["post-190","post","type-post","status-publish","format-standard","hentry","category-sculptures"],"_links":{"self":[{"href":"https:\/\/philippeparrinello.fr\/carnetdebord\/index.php?rest_route=\/wp\/v2\/posts\/190","targetHints":{"allow":["GET"]}}],"collection":[{"href":"https:\/\/philippeparrinello.fr\/carnetdebord\/index.php?rest_route=\/wp\/v2\/posts"}],"about":[{"href":"https:\/\/philippeparrinello.fr\/carnetdebord\/index.php?rest_route=\/wp\/v2\/types\/post"}],"author":[{"embeddable":true,"href":"https:\/\/philippeparrinello.fr\/carnetdebord\/index.php?rest_route=\/wp\/v2\/users\/1"}],"replies":[{"embeddable":true,"href":"https:\/\/philippeparrinello.fr\/carnetdebord\/index.php?rest_route=%2Fwp%2Fv2%2Fcomments&post=190"}],"version-history":[{"count":13,"href":"https:\/\/philippeparrinello.fr\/carnetdebord\/index.php?rest_route=\/wp\/v2\/posts\/190\/revisions"}],"predecessor-version":[{"id":269,"href":"https:\/\/philippeparrinello.fr\/carnetdebord\/index.php?rest_route=\/wp\/v2\/posts\/190\/revisions\/269"}],"wp:attachment":[{"href":"https:\/\/philippeparrinello.fr\/carnetdebord\/index.php?rest_route=%2Fwp%2Fv2%2Fmedia&parent=190"}],"wp:term":[{"taxonomy":"category","embeddable":true,"href":"https:\/\/philippeparrinello.fr\/carnetdebord\/index.php?rest_route=%2Fwp%2Fv2%2Fcategories&post=190"},{"taxonomy":"post_tag","embeddable":true,"href":"https:\/\/philippeparrinello.fr\/carnetdebord\/index.php?rest_route=%2Fwp%2Fv2%2Ftags&post=190"}],"curies":[{"name":"wp","href":"https:\/\/api.w.org\/{rel}","templated":true}]}}